{"id":1085,"date":"2026-04-28T20:08:00","date_gmt":"2026-04-28T18:08:00","guid":{"rendered":"https:\/\/tagebuch30.ch\/?p=1085"},"modified":"2026-03-10T21:28:18","modified_gmt":"2026-03-10T20:28:18","slug":"28-april-1996","status":"publish","type":"post","link":"https:\/\/tagebuch30.ch\/?p=1085","title":{"rendered":"28. April 1996"},"content":{"rendered":"\n<p>(morgens 1:20 Uhr)<\/p>\n\n\n\n<p>Wir haben Fr\u00fchlingsferien, schon seit fast (was heisst hier fast?!) einer Woche. Ich glaube, es wird endlich mal Zeit \u00fcber zwei sehr wichtige Personen zu schreiben (mit denen ich \u00fcbrigens am Donnerstag \u2013 d.h. Vor-vor-gestern \u2013 \u00abDead man walking\u00bb schauen gegangen bin): Ronja und Joana.<\/p>\n\n\n\n<p>Joana:<\/p>\n\n\n\n<p>Ist h\u00fcbsch, humorvoll, liebenswert und ein wenig verr\u00fcckt. Im positiven Sinne. Ich weiss eigentlich nicht, warum ich im Moment nicht so ein wahnsinnig gutes Verh\u00e4ltnis zu ihr habe, eine Zeit lang war ich mir schliesslich nicht mal sicher, ob ich nicht in sie verliebt sei.<\/p>\n\n\n\n<p>Ronja:<\/p>\n\n\n\n<p>Sie ist traumhaft sch\u00f6n, hat ein tolles L\u00e4cheln und wundersch\u00f6ne Augen. Sie ist humorvoll, eine gute Gespr\u00e4chspartnerin und meistens auch sehr liebenswert, ausserdem ist sie ein wenig egozentrisch. Obwohl ich mich in Sachen Liebe wiedermal geirrt habe, ist zwischen uns irgendetwas, zumindest wenn wir uns in die Augen sehen.<\/p>\n\n\n\n<p>Hier noch ein paar Fotos:<\/p>\n\n\n\n<p>[Fotos von Erich und Domi, Ina, Martina und Sina \u2013 und der Katze Strolch]<\/p>\n\n\n\n<p><\/p>\n\n\n\n<p>(abends 19:02 Uhr)<\/p>\n\n\n\n<p>Ich habe endlich den Mut aufgebracht, zu Ina hochzufahren, um mein \u00abfriends\u00bb (Art \u00abAndenkenbuch\u00bb) zu holen. Ina war zwar nicht zu Hause, aber Mara war da. Nach einem kurzen Gespr\u00e4ch hat sie mir mein Buch schliesslich gebracht.<\/p>\n\n\n\n<p>Es ist sehr wichtig als Andenken an die Klasse 2d von der Hohen Promenade. Auch f\u00fcr die \u00abSarina-Zeit\u00bb ist es wichtig, hier zwei \u00abAusschnitte\u00bb:<\/p>\n\n\n\n<p>[Poesiealbum-Ausschnitt mit Bild von Sarina]<br>Ich glaube, meine Liebe zu Sarina war echter und st\u00e4rker als ich geglaubt habe, echter auch als die Liebe zu Simone, Martina und Ronja (?).<\/p>\n\n\n\n<p>[Poesiealbum-Ausschnitt mit Bild von Rachel]<br>Damals eine gute Freundin, aber die Freundschaft k\u00fcnstlich wiederzubeleben w\u00fcrde nicht funktionieren.<\/p>\n\n\n\n<p>Wenn ich jetzt an diese Zeit, die 2d-Zeit meine ich, zur\u00fcckdenke, so glaube ich, dass das alles einfach zwei Jahre zu fr\u00fch war. Ich glaube, dass ich jetzt ein ganz anderes, viel engeres Verh\u00e4ltnis zu Sarina h\u00e4tte, vielleicht ein \u00e4hnliches wie jetzt zu Ronja. Wenn ich mich jetzt f\u00fcr eine Klasse entscheiden m\u00fcsste, w\u00fcrde ich das 1\/2d der HoPro nehmen. Damals waren die Unterschiede zwischen den einzelnen Leuten einfach zu gross, etwa so wie in meiner jetzigen Klasse (Philipp &lt;&#8211;> Benji, Claudia &lt;&#8211;> Ronja)<\/p>\n","protected":false},"excerpt":{"rendered":"<p>(morgens 1:20 Uhr) Wir haben Fr\u00fchlingsferien, schon seit fast (was heisst hier fast?!) einer Woche. Ich glaube, es wird endlich mal Zeit \u00fcber zwei sehr wichtige Personen zu schreiben (mit denen ich \u00fcbrigens am Donnerstag \u2013 d.h. Vor-vor-gestern \u2013 \u00abDead man walking\u00bb schauen gegangen bin): Ronja und Joana. Joana: Ist h\u00fcbsch, humorvoll, liebenswert und ein [&hellip;]<\/p>\n","protected":false},"author":1,"featured_media":1086,"comment_status":"closed","ping_status":"open","sticky":false,"template":"","format":"standard","meta":{"jetpack_post_was_ever_published":false,"_jetpack_newsletter_access":"","_jetpack_dont_email_post_to_subs":false,"_jetpack_newsletter_tier_id":0,"_jetpack_memberships_contains_paywalled_content":false,"_jetpack_memberships_contains_paid_content":false,"footnotes":"","jetpack_publicize_message":"","jetpack_publicize_feature_enabled":true,"jetpack_social_post_already_shared":true,"jetpack_social_options":{"image_generator_settings":{"template":"highway","default_image_id":0,"font":"","enabled":false},"version":2},"_wpas_customize_per_network":false},"categories":[1],"tags":[],"class_list":["post-1085","post","type-post","status-publish","format-standard","has-post-thumbnail","hentry","category-uncategorized"],"jetpack_publicize_connections":[],"jetpack_featured_media_url":"https:\/\/tagebuch30.ch\/wp-content\/uploads\/2026\/03\/19960428.jpg","jetpack_sharing_enabled":true,"_links":{"self":[{"href":"https:\/\/tagebuch30.ch\/index.php?rest_route=\/wp\/v2\/posts\/1085","targetHints":{"allow":["GET"]}}],"collection":[{"href":"https:\/\/tagebuch30.ch\/index.php?rest_route=\/wp\/v2\/posts"}],"about":[{"href":"https:\/\/tagebuch30.ch\/index.php?rest_route=\/wp\/v2\/types\/post"}],"author":[{"embeddable":true,"href":"https:\/\/tagebuch30.ch\/index.php?rest_route=\/wp\/v2\/users\/1"}],"replies":[{"embeddable":true,"href":"https:\/\/tagebuch30.ch\/index.php?rest_route=%2Fwp%2Fv2%2Fcomments&post=1085"}],"version-history":[{"count":1,"href":"https:\/\/tagebuch30.ch\/index.php?rest_route=\/wp\/v2\/posts\/1085\/revisions"}],"predecessor-version":[{"id":1087,"href":"https:\/\/tagebuch30.ch\/index.php?rest_route=\/wp\/v2\/posts\/1085\/revisions\/1087"}],"wp:featuredmedia":[{"embeddable":true,"href":"https:\/\/tagebuch30.ch\/index.php?rest_route=\/wp\/v2\/media\/1086"}],"wp:attachment":[{"href":"https:\/\/tagebuch30.ch\/index.php?rest_route=%2Fwp%2Fv2%2Fmedia&parent=1085"}],"wp:term":[{"taxonomy":"category","embeddable":true,"href":"https:\/\/tagebuch30.ch\/index.php?rest_route=%2Fwp%2Fv2%2Fcategories&post=1085"},{"taxonomy":"post_tag","embeddable":true,"href":"https:\/\/tagebuch30.ch\/index.php?rest_route=%2Fwp%2Fv2%2Ftags&post=1085"}],"curies":[{"name":"wp","href":"https:\/\/api.w.org\/{rel}","templated":true}]}}